{"id":3579,"date":"2019-12-29T15:36:21","date_gmt":"2019-12-29T15:36:21","guid":{"rendered":"http:\/\/www.lavilacc.com\/3568\/"},"modified":"2019-12-29T15:36:21","modified_gmt":"2019-12-29T15:36:21","slug":"3568-3","status":"publish","type":"post","link":"https:\/\/www.lavilacc.com\/en\/3568-3\/","title":{"rendered":"Christmas in La Vila 2019"},"content":{"rendered":"<p>The afternoon of last Saturday, December 14, we enjoyed a successful day with Christmas activities for the whole family. Among the activities we had in the Plaza de La Vila Shopping Center were:<\/p>\n<p>&#8211; Christmas crafts, painting area for the little ones in the house and Christmas carols brightening up all afternoon.<br \/>\n&#8211; Acrobatic animation and funny Christmas characters by Circus Stromboli: a giant bear and a snowman made their appearance in the Plaza de La Vila during the event, delighting the little ones in the house, who ran to take the relevant Christmas photo \ud83d\ude42<br \/>\n&#8211; A Storytelling Account in English by Kids &amp; Us Mallorca, which entertained young and old.<br \/>\n&#8211; And finally, the great Acrobatic Show &#8220;The magic of Christmas&#8221; by Circus Stromboli, who put the finishing touch on a fantastic Saturday afternoon and our Christmas celebration!<\/p>\n<p>In addition, we organized a special photo contest, with a prize of 1 voucher of 100 euros in purchases in La Vila, which our client Mrs. Antonia Mart\u00ednez won. Congratulations!!!<\/p>\n<p>They organized: Magaluf Neighborhood Association and La Vila Shopping Center.<\/p>\n<p>They collaborated: Circus Stromboli, Kids &amp; Us Mallorca and the Medi Natural i Urb\u00e0 de l &#8216;Ajuntament de Calvi\u00e0 Ajuntament de Calvi\u00e0.<\/p>\n<p>Here you have a brief summary of how much fun we had:<\/p>\n<div style=\"width: 800px;\" class=\"wp-video\"><video class=\"wp-video-shortcode\" id=\"video-3579-1\" width=\"800\" height=\"450\" preload=\"metadata\" controls=\"controls\"><source type=\"video\/mp4\" src=\"https:\/\/www.lavilacc.com\/wp-content\/uploads\/2020\/01\/Navidad-2019-Instagram-1.mp4?_=1\" \/><a href=\"https:\/\/www.lavilacc.com\/wp-content\/uploads\/2020\/01\/Navidad-2019-Instagram-1.mp4\">https:\/\/www.lavilacc.com\/wp-content\/uploads\/2020\/01\/Navidad-2019-Instagram-1.mp4<\/a><\/video><\/div>\n","protected":false},"excerpt":{"rendered":"<p>The afternoon of last Saturday, December 14, we enjoyed a successful day with Christmas activities for the whole family. Among the activities we had in the Plaza de La Vila Shopping Center were: &#8211; Christmas crafts, painting area for the little ones in the house and Christmas carols brightening up all afternoon. &#8211; Acrobatic animation [&hellip;]<\/p>\n","protected":false},"author":2,"featured_media":3571,"comment_status":"open","ping_status":"open","sticky":false,"template":"","format":"standard","meta":{"footnotes":""},"categories":[1],"tags":[],"class_list":["post-3579","post","type-post","status-publish","format-standard","has-post-thumbnail","hentry","category-sin-categorizar"],"yoast_head":"<!-- This site is optimized with the Yoast SEO plugin v27.5 - https:\/\/yoast.com\/product\/yoast-seo-wordpress\/ -->\n<title>Christmas in La Vila 2019 | La Vila Centro Comercial.<\/title>\n<meta name=\"robots\" content=\"index, follow, max-snippet:-1, max-image-preview:large, max-video-preview:-1\" \/>\n<link rel=\"canonical\" href=\"https:\/\/www.lavilacc.com\/en\/3568-3\/\" \/>\n<meta property=\"og:locale\" content=\"en_US\" \/>\n<meta property=\"og:type\" content=\"article\" \/>\n<meta property=\"og:title\" content=\"Christmas in La Vila 2019 | La Vila Centro Comercial.\" \/>\n<meta property=\"og:description\" content=\"The afternoon of last Saturday, December 14, we enjoyed a successful day with Christmas activities for the whole family. Among the activities we had in the Plaza de La Vila Shopping Center were: &#8211; Christmas crafts, painting area for the little ones in the house and Christmas carols brightening up all afternoon. &#8211; Acrobatic animation [&hellip;]\" \/>\n<meta property=\"og:url\" content=\"https:\/\/www.lavilacc.com\/en\/3568-3\/\" \/>\n<meta property=\"og:site_name\" content=\"La Vila Centro Comercial.\" \/>\n<meta property=\"article:publisher\" content=\"https:\/\/www.facebook.com\/lavilamagaluf\/\" \/>\n<meta property=\"article:published_time\" content=\"2019-12-29T15:36:21+00:00\" \/>\n<meta property=\"og:image\" content=\"https:\/\/www.lavilacc.com\/wp-content\/uploads\/2020\/01\/IMG_9991-scaled.jpg\" \/>\n\t<meta property=\"og:image:width\" content=\"2560\" \/>\n\t<meta property=\"og:image:height\" content=\"1707\" \/>\n\t<meta property=\"og:image:type\" content=\"image\/jpeg\" \/>\n<meta name=\"author\" content=\"MARAMARKA Agencia de marketing\" \/>\n<meta name=\"twitter:card\" content=\"summary_large_image\" \/>\n<meta name=\"twitter:label1\" content=\"Written by\" \/>\n\t<meta name=\"twitter:data1\" content=\"MARAMARKA Agencia de marketing\" \/>\n\t<meta name=\"twitter:label2\" content=\"Est. reading time\" \/>\n\t<meta name=\"twitter:data2\" content=\"1 minute\" \/>\n<script type=\"application\/ld+json\" class=\"yoast-schema-graph\">{\"@context\":\"https:\\\/\\\/schema.org\",\"@graph\":[{\"@type\":\"Article\",\"@id\":\"https:\\\/\\\/www.lavilacc.com\\\/en\\\/3568-3\\\/#article\",\"isPartOf\":{\"@id\":\"https:\\\/\\\/www.lavilacc.com\\\/en\\\/3568-3\\\/\"},\"author\":{\"name\":\"MARAMARKA Agencia de marketing\",\"@id\":\"https:\\\/\\\/www.lavilacc.com\\\/en\\\/#\\\/schema\\\/person\\\/847f197a00bd918f000da25f3ca13e51\"},\"headline\":\"Christmas in La Vila 2019\",\"datePublished\":\"2019-12-29T15:36:21+00:00\",\"mainEntityOfPage\":{\"@id\":\"https:\\\/\\\/www.lavilacc.com\\\/en\\\/3568-3\\\/\"},\"wordCount\":229,\"commentCount\":0,\"publisher\":{\"@id\":\"https:\\\/\\\/www.lavilacc.com\\\/en\\\/#organization\"},\"image\":{\"@id\":\"https:\\\/\\\/www.lavilacc.com\\\/en\\\/3568-3\\\/#primaryimage\"},\"thumbnailUrl\":\"https:\\\/\\\/www.lavilacc.com\\\/wp-content\\\/uploads\\\/2020\\\/01\\\/IMG_9991-scaled.jpg\",\"articleSection\":[\"Sin categorizar\"],\"inLanguage\":\"en-US\",\"potentialAction\":[{\"@type\":\"CommentAction\",\"name\":\"Comment\",\"target\":[\"https:\\\/\\\/www.lavilacc.com\\\/en\\\/3568-3\\\/#respond\"]}]},{\"@type\":\"WebPage\",\"@id\":\"https:\\\/\\\/www.lavilacc.com\\\/en\\\/3568-3\\\/\",\"url\":\"https:\\\/\\\/www.lavilacc.com\\\/en\\\/3568-3\\\/\",\"name\":\"Christmas in La Vila 2019 | La Vila Centro Comercial.\",\"isPartOf\":{\"@id\":\"https:\\\/\\\/www.lavilacc.com\\\/en\\\/#website\"},\"primaryImageOfPage\":{\"@id\":\"https:\\\/\\\/www.lavilacc.com\\\/en\\\/3568-3\\\/#primaryimage\"},\"image\":{\"@id\":\"https:\\\/\\\/www.lavilacc.com\\\/en\\\/3568-3\\\/#primaryimage\"},\"thumbnailUrl\":\"https:\\\/\\\/www.lavilacc.com\\\/wp-content\\\/uploads\\\/2020\\\/01\\\/IMG_9991-scaled.jpg\",\"datePublished\":\"2019-12-29T15:36:21+00:00\",\"inLanguage\":\"en-US\",\"potentialAction\":[{\"@type\":\"ReadAction\",\"target\":[\"https:\\\/\\\/www.lavilacc.com\\\/en\\\/3568-3\\\/\"]}]},{\"@type\":\"ImageObject\",\"inLanguage\":\"en-US\",\"@id\":\"https:\\\/\\\/www.lavilacc.com\\\/en\\\/3568-3\\\/#primaryimage\",\"url\":\"https:\\\/\\\/www.lavilacc.com\\\/wp-content\\\/uploads\\\/2020\\\/01\\\/IMG_9991-scaled.jpg\",\"contentUrl\":\"https:\\\/\\\/www.lavilacc.com\\\/wp-content\\\/uploads\\\/2020\\\/01\\\/IMG_9991-scaled.jpg\",\"width\":2560,\"height\":1707},{\"@type\":\"WebSite\",\"@id\":\"https:\\\/\\\/www.lavilacc.com\\\/en\\\/#website\",\"url\":\"https:\\\/\\\/www.lavilacc.com\\\/en\\\/\",\"name\":\"La Vila Centro Comercial\",\"description\":\"Tu centro comercial en Magal\u00faf, Calvi\u00e0.\",\"publisher\":{\"@id\":\"https:\\\/\\\/www.lavilacc.com\\\/en\\\/#organization\"},\"alternateName\":\"La Vila CC\",\"potentialAction\":[{\"@type\":\"SearchAction\",\"target\":{\"@type\":\"EntryPoint\",\"urlTemplate\":\"https:\\\/\\\/www.lavilacc.com\\\/en\\\/?s={search_term_string}\"},\"query-input\":{\"@type\":\"PropertyValueSpecification\",\"valueRequired\":true,\"valueName\":\"search_term_string\"}}],\"inLanguage\":\"en-US\"},{\"@type\":\"Organization\",\"@id\":\"https:\\\/\\\/www.lavilacc.com\\\/en\\\/#organization\",\"name\":\"La Vila Centro Comercial\",\"url\":\"https:\\\/\\\/www.lavilacc.com\\\/en\\\/\",\"logo\":{\"@type\":\"ImageObject\",\"inLanguage\":\"en-US\",\"@id\":\"https:\\\/\\\/www.lavilacc.com\\\/en\\\/#\\\/schema\\\/logo\\\/image\\\/\",\"url\":\"https:\\\/\\\/www.lavilacc.com\\\/wp-content\\\/uploads\\\/2023\\\/07\\\/Logo_LaVilaCC_Verde.png\",\"contentUrl\":\"https:\\\/\\\/www.lavilacc.com\\\/wp-content\\\/uploads\\\/2023\\\/07\\\/Logo_LaVilaCC_Verde.png\",\"width\":2657,\"height\":1121,\"caption\":\"La Vila Centro Comercial\"},\"image\":{\"@id\":\"https:\\\/\\\/www.lavilacc.com\\\/en\\\/#\\\/schema\\\/logo\\\/image\\\/\"},\"sameAs\":[\"https:\\\/\\\/www.facebook.com\\\/lavilamagaluf\\\/\",\"https:\\\/\\\/www.instagram.com\\\/lavilamagaluf\\\/\"]},{\"@type\":\"Person\",\"@id\":\"https:\\\/\\\/www.lavilacc.com\\\/en\\\/#\\\/schema\\\/person\\\/847f197a00bd918f000da25f3ca13e51\",\"name\":\"MARAMARKA Agencia de marketing\",\"image\":{\"@type\":\"ImageObject\",\"inLanguage\":\"en-US\",\"@id\":\"https:\\\/\\\/secure.gravatar.com\\\/avatar\\\/394b2f45f67a24af80564683ddd6f076a1a5c24a5d49b3cb900e3df6ced46330?s=96&d=mm&r=g\",\"url\":\"https:\\\/\\\/secure.gravatar.com\\\/avatar\\\/394b2f45f67a24af80564683ddd6f076a1a5c24a5d49b3cb900e3df6ced46330?s=96&d=mm&r=g\",\"contentUrl\":\"https:\\\/\\\/secure.gravatar.com\\\/avatar\\\/394b2f45f67a24af80564683ddd6f076a1a5c24a5d49b3cb900e3df6ced46330?s=96&d=mm&r=g\",\"caption\":\"MARAMARKA Agencia de marketing\"},\"sameAs\":[\"http:\\\/\\\/www.maramarka.com\"]}]}<\/script>\n<!-- \/ Yoast SEO plugin. -->","yoast_head_json":{"title":"Christmas in La Vila 2019 | La Vila Centro Comercial.","robots":{"index":"index","follow":"follow","max-snippet":"max-snippet:-1","max-image-preview":"max-image-preview:large","max-video-preview":"max-video-preview:-1"},"canonical":"https:\/\/www.lavilacc.com\/en\/3568-3\/","og_locale":"en_US","og_type":"article","og_title":"Christmas in La Vila 2019 | La Vila Centro Comercial.","og_description":"The afternoon of last Saturday, December 14, we enjoyed a successful day with Christmas activities for the whole family. Among the activities we had in the Plaza de La Vila Shopping Center were: &#8211; Christmas crafts, painting area for the little ones in the house and Christmas carols brightening up all afternoon. &#8211; Acrobatic animation [&hellip;]","og_url":"https:\/\/www.lavilacc.com\/en\/3568-3\/","og_site_name":"La Vila Centro Comercial.","article_publisher":"https:\/\/www.facebook.com\/lavilamagaluf\/","article_published_time":"2019-12-29T15:36:21+00:00","og_image":[{"width":2560,"height":1707,"url":"https:\/\/www.lavilacc.com\/wp-content\/uploads\/2020\/01\/IMG_9991-scaled.jpg","type":"image\/jpeg"}],"author":"MARAMARKA Agencia de marketing","twitter_card":"summary_large_image","twitter_misc":{"Written by":"MARAMARKA Agencia de marketing","Est. reading time":"1 minute"},"schema":{"@context":"https:\/\/schema.org","@graph":[{"@type":"Article","@id":"https:\/\/www.lavilacc.com\/en\/3568-3\/#article","isPartOf":{"@id":"https:\/\/www.lavilacc.com\/en\/3568-3\/"},"author":{"name":"MARAMARKA Agencia de marketing","@id":"https:\/\/www.lavilacc.com\/en\/#\/schema\/person\/847f197a00bd918f000da25f3ca13e51"},"headline":"Christmas in La Vila 2019","datePublished":"2019-12-29T15:36:21+00:00","mainEntityOfPage":{"@id":"https:\/\/www.lavilacc.com\/en\/3568-3\/"},"wordCount":229,"commentCount":0,"publisher":{"@id":"https:\/\/www.lavilacc.com\/en\/#organization"},"image":{"@id":"https:\/\/www.lavilacc.com\/en\/3568-3\/#primaryimage"},"thumbnailUrl":"https:\/\/www.lavilacc.com\/wp-content\/uploads\/2020\/01\/IMG_9991-scaled.jpg","articleSection":["Sin categorizar"],"inLanguage":"en-US","potentialAction":[{"@type":"CommentAction","name":"Comment","target":["https:\/\/www.lavilacc.com\/en\/3568-3\/#respond"]}]},{"@type":"WebPage","@id":"https:\/\/www.lavilacc.com\/en\/3568-3\/","url":"https:\/\/www.lavilacc.com\/en\/3568-3\/","name":"Christmas in La Vila 2019 | La Vila Centro Comercial.","isPartOf":{"@id":"https:\/\/www.lavilacc.com\/en\/#website"},"primaryImageOfPage":{"@id":"https:\/\/www.lavilacc.com\/en\/3568-3\/#primaryimage"},"image":{"@id":"https:\/\/www.lavilacc.com\/en\/3568-3\/#primaryimage"},"thumbnailUrl":"https:\/\/www.lavilacc.com\/wp-content\/uploads\/2020\/01\/IMG_9991-scaled.jpg","datePublished":"2019-12-29T15:36:21+00:00","inLanguage":"en-US","potentialAction":[{"@type":"ReadAction","target":["https:\/\/www.lavilacc.com\/en\/3568-3\/"]}]},{"@type":"ImageObject","inLanguage":"en-US","@id":"https:\/\/www.lavilacc.com\/en\/3568-3\/#primaryimage","url":"https:\/\/www.lavilacc.com\/wp-content\/uploads\/2020\/01\/IMG_9991-scaled.jpg","contentUrl":"https:\/\/www.lavilacc.com\/wp-content\/uploads\/2020\/01\/IMG_9991-scaled.jpg","width":2560,"height":1707},{"@type":"WebSite","@id":"https:\/\/www.lavilacc.com\/en\/#website","url":"https:\/\/www.lavilacc.com\/en\/","name":"La Vila Centro Comercial","description":"Tu centro comercial en Magal\u00faf, Calvi\u00e0.","publisher":{"@id":"https:\/\/www.lavilacc.com\/en\/#organization"},"alternateName":"La Vila CC","potentialAction":[{"@type":"SearchAction","target":{"@type":"EntryPoint","urlTemplate":"https:\/\/www.lavilacc.com\/en\/?s={search_term_string}"},"query-input":{"@type":"PropertyValueSpecification","valueRequired":true,"valueName":"search_term_string"}}],"inLanguage":"en-US"},{"@type":"Organization","@id":"https:\/\/www.lavilacc.com\/en\/#organization","name":"La Vila Centro Comercial","url":"https:\/\/www.lavilacc.com\/en\/","logo":{"@type":"ImageObject","inLanguage":"en-US","@id":"https:\/\/www.lavilacc.com\/en\/#\/schema\/logo\/image\/","url":"https:\/\/www.lavilacc.com\/wp-content\/uploads\/2023\/07\/Logo_LaVilaCC_Verde.png","contentUrl":"https:\/\/www.lavilacc.com\/wp-content\/uploads\/2023\/07\/Logo_LaVilaCC_Verde.png","width":2657,"height":1121,"caption":"La Vila Centro Comercial"},"image":{"@id":"https:\/\/www.lavilacc.com\/en\/#\/schema\/logo\/image\/"},"sameAs":["https:\/\/www.facebook.com\/lavilamagaluf\/","https:\/\/www.instagram.com\/lavilamagaluf\/"]},{"@type":"Person","@id":"https:\/\/www.lavilacc.com\/en\/#\/schema\/person\/847f197a00bd918f000da25f3ca13e51","name":"MARAMARKA Agencia de marketing","image":{"@type":"ImageObject","inLanguage":"en-US","@id":"https:\/\/secure.gravatar.com\/avatar\/394b2f45f67a24af80564683ddd6f076a1a5c24a5d49b3cb900e3df6ced46330?s=96&d=mm&r=g","url":"https:\/\/secure.gravatar.com\/avatar\/394b2f45f67a24af80564683ddd6f076a1a5c24a5d49b3cb900e3df6ced46330?s=96&d=mm&r=g","contentUrl":"https:\/\/secure.gravatar.com\/avatar\/394b2f45f67a24af80564683ddd6f076a1a5c24a5d49b3cb900e3df6ced46330?s=96&d=mm&r=g","caption":"MARAMARKA Agencia de marketing"},"sameAs":["http:\/\/www.maramarka.com"]}]}},"_links":{"self":[{"href":"https:\/\/www.lavilacc.com\/en\/wp-json\/wp\/v2\/posts\/3579","targetHints":{"allow":["GET"]}}],"collection":[{"href":"https:\/\/www.lavilacc.com\/en\/wp-json\/wp\/v2\/posts"}],"about":[{"href":"https:\/\/www.lavilacc.com\/en\/wp-json\/wp\/v2\/types\/post"}],"author":[{"embeddable":true,"href":"https:\/\/www.lavilacc.com\/en\/wp-json\/wp\/v2\/users\/2"}],"replies":[{"embeddable":true,"href":"https:\/\/www.lavilacc.com\/en\/wp-json\/wp\/v2\/comments?post=3579"}],"version-history":[{"count":0,"href":"https:\/\/www.lavilacc.com\/en\/wp-json\/wp\/v2\/posts\/3579\/revisions"}],"wp:featuredmedia":[{"embeddable":true,"href":"https:\/\/www.lavilacc.com\/en\/wp-json\/wp\/v2\/media\/3571"}],"wp:attachment":[{"href":"https:\/\/www.lavilacc.com\/en\/wp-json\/wp\/v2\/media?parent=3579"}],"wp:term":[{"taxonomy":"category","embeddable":true,"href":"https:\/\/www.lavilacc.com\/en\/wp-json\/wp\/v2\/categories?post=3579"},{"taxonomy":"post_tag","embeddable":true,"href":"https:\/\/www.lavilacc.com\/en\/wp-json\/wp\/v2\/tags?post=3579"}],"curies":[{"name":"wp","href":"https:\/\/api.w.org\/{rel}","templated":true}]}}